{"id":8169,"date":"2023-12-22T12:56:55","date_gmt":"2023-12-22T12:56:55","guid":{"rendered":"https:\/\/www.invesis.com\/?p=8169"},"modified":"2023-12-22T12:56:55","modified_gmt":"2023-12-22T12:56:55","slug":"invesis-colleagues-raise-3926-75-e4532-for-charity","status":"publish","type":"post","link":"https:\/\/www.invesis.com\/fr\/invesis-colleagues-raise-3926-75-e4532-for-charity\/","title":{"rendered":"Invesis Colleagues Raise \u00a33,926.75\/ \u20ac4,532 for Charity"},"content":{"rendered":"<p>Invesis is delighted to announce that colleagues based in our UK and Ireland offices have successfully raised \u00a33,926.75\/\u20ac4,532 for various charitable causes in 2023, exemplifying our commitment to making a positive impact in the communities we serve. The funds raised were distributed among Beatson Cancer Charity, Team Hope South Kildare, F\u00e9ileac\u00e1in, and our valued charity partner, Simon Community.<\/p>\n<p>Simon Community, our primary charity partner, plays a crucial role in providing care, support, and accommodation to individuals experiencing homelessness or at risk of becoming homeless. Their dedication aligns seamlessly with Invesis&rsquo;s ethos, which revolves around transforming and enhancing lives.<\/p>\n<p><img loading=\"lazy\" decoding=\"async\" class=\"alignnone size-medium wp-image-8176\" src=\"https:\/\/www.invesis.com\/wp-content\/uploads\/2023\/12\/10b.-Simons-Kettle-300x225.jpg\" alt=\"\" width=\"300\" height=\"225\" srcset=\"https:\/\/www.invesis.com\/wp-content\/uploads\/2023\/12\/10b.-Simons-Kettle-300x225.jpg 300w, https:\/\/www.invesis.com\/wp-content\/uploads\/2023\/12\/10b.-Simons-Kettle-1024x768.jpg 1024w, https:\/\/www.invesis.com\/wp-content\/uploads\/2023\/12\/10b.-Simons-Kettle-768x576.jpg 768w, https:\/\/www.invesis.com\/wp-content\/uploads\/2023\/12\/10b.-Simons-Kettle-1536x1152.jpg 1536w\" sizes=\"auto, (max-width: 300px) 100vw, 300px\" \/>\u00a0 <img loading=\"lazy\" decoding=\"async\" class=\"alignnone size-medium wp-image-8184\" src=\"https:\/\/www.invesis.com\/wp-content\/uploads\/2023\/12\/Image-003-300x225.jpeg\" alt=\"\" width=\"300\" height=\"225\" srcset=\"https:\/\/www.invesis.com\/wp-content\/uploads\/2023\/12\/Image-003-300x225.jpeg 300w, https:\/\/www.invesis.com\/wp-content\/uploads\/2023\/12\/Image-003-1024x768.jpeg 1024w, https:\/\/www.invesis.com\/wp-content\/uploads\/2023\/12\/Image-003-768x576.jpeg 768w, https:\/\/www.invesis.com\/wp-content\/uploads\/2023\/12\/Image-003-1536x1152.jpeg 1536w\" sizes=\"auto, (max-width: 300px) 100vw, 300px\" \/><\/p>\n<p>Throughout the year, colleagues organised a series of both in-person and virtual initiatives aimed at addressing biases and fostering awareness. From heart-warming bake sales to generous donations, our team went above and beyond, making a tangible and positive difference to the lives of those in need.<\/p>\n<p>In addition to fund raising initiatives, colleagues invested their time and energy to volunteer for Glasgow Riding for the Disabled Association (RDA). The RDA is a charity that collaborates with individuals with disabilities, focuses on providing therapeutic opportunities, fitness programs, skills development, and enjoyable horse-related activities, such as riding and carriage driving. Our team provided the materials and labour to help maintain the grounds and facilities.<\/p>\n<p><img loading=\"lazy\" decoding=\"async\" class=\"alignnone size-medium wp-image-8188\" src=\"https:\/\/www.invesis.com\/wp-content\/uploads\/2023\/12\/363861636_982388679668014_443104728557977630_n-300x225.jpg\" alt=\"\" width=\"300\" height=\"225\" srcset=\"https:\/\/www.invesis.com\/wp-content\/uploads\/2023\/12\/363861636_982388679668014_443104728557977630_n-300x225.jpg 300w, https:\/\/www.invesis.com\/wp-content\/uploads\/2023\/12\/363861636_982388679668014_443104728557977630_n-1024x768.jpg 1024w, https:\/\/www.invesis.com\/wp-content\/uploads\/2023\/12\/363861636_982388679668014_443104728557977630_n-768x576.jpg 768w, https:\/\/www.invesis.com\/wp-content\/uploads\/2023\/12\/363861636_982388679668014_443104728557977630_n-1536x1152.jpg 1536w\" sizes=\"auto, (max-width: 300px) 100vw, 300px\" \/> <img loading=\"lazy\" decoding=\"async\" class=\"alignnone  wp-image-8193\" src=\"https:\/\/www.invesis.com\/wp-content\/uploads\/2023\/12\/XNST4013-1-e1703249077884-300x227.jpg\" alt=\"\" width=\"297\" height=\"225\" srcset=\"https:\/\/www.invesis.com\/wp-content\/uploads\/2023\/12\/XNST4013-1-e1703249077884-300x227.jpg 300w, https:\/\/www.invesis.com\/wp-content\/uploads\/2023\/12\/XNST4013-1-e1703249077884-1024x775.jpg 1024w, https:\/\/www.invesis.com\/wp-content\/uploads\/2023\/12\/XNST4013-1-e1703249077884-768x581.jpg 768w, https:\/\/www.invesis.com\/wp-content\/uploads\/2023\/12\/XNST4013-1-e1703249077884.jpg 1199w\" sizes=\"auto, (max-width: 297px) 100vw, 297px\" \/><\/p>\n<p>At Invesis, our overarching purpose is to develop sustainable, long-term investment opportunities that not only benefit the environment but also positively impact the communities we operate in. We look forward to continuing our efforts to create a positive and lasting impact in the years to come.<\/p>\n","protected":false},"excerpt":{"rendered":"<p>Invesis is delighted to announce that colleagues based in our UK and Ireland offices have successfully raised \u00a33,926.75\/\u20ac4,532 for various charitable causes in 2023, exemplifying our commitment to making a &hellip; <a href=\"https:\/\/www.invesis.com\/fr\/invesis-colleagues-raise-3926-75-e4532-for-charity\/\">Continued<\/a><\/p>\n","protected":false},"author":8,"featured_media":8203,"comment_status":"closed","ping_status":"closed","sticky":false,"template":"","format":"standard","meta":{"_acf_changed":false,"footnotes":""},"categories":[],"class_list":["post-8169","post","type-post","status-publish","format-standard","has-post-thumbnail","hentry"],"acf":[],"yoast_head":"<!-- This site is optimized with the Yoast SEO plugin v27.3 - https:\/\/yoast.com\/product\/yoast-seo-wordpress\/ -->\n<title>Invesis Colleagues Raise \u00a33,926.75\/ \u20ac4,532 for Charity | Invesis<\/title>\n<meta name=\"robots\" content=\"index, follow, max-snippet:-1, max-image-preview:large, max-video-preview:-1\" \/>\n<link rel=\"canonical\" href=\"https:\/\/www.invesis.com\/invesis-colleagues-raise-3926-75-e4532-for-charity\/\" \/>\n<meta property=\"og:locale\" content=\"fr_FR\" \/>\n<meta property=\"og:type\" content=\"article\" \/>\n<meta property=\"og:title\" content=\"Invesis Colleagues Raise \u00a33,926.75\/ \u20ac4,532 for Charity | Invesis\" \/>\n<meta property=\"og:description\" content=\"Invesis is delighted to announce that colleagues based in our UK and Ireland offices have successfully raised \u00a33,926.75\/\u20ac4,532 for various charitable causes in 2023, exemplifying our commitment to making a &hellip; Continued\" \/>\n<meta property=\"og:url\" content=\"https:\/\/www.invesis.com\/invesis-colleagues-raise-3926-75-e4532-for-charity\/\" \/>\n<meta property=\"og:site_name\" content=\"Invesis\" \/>\n<meta property=\"article:published_time\" content=\"2023-12-22T12:56:55+00:00\" \/>\n<meta property=\"og:image\" content=\"https:\/\/www.invesis.com\/wp-content\/uploads\/2023\/12\/background-image.png\" \/>\n\t<meta property=\"og:image:width\" content=\"1300\" \/>\n\t<meta property=\"og:image:height\" content=\"595\" \/>\n\t<meta property=\"og:image:type\" content=\"image\/png\" \/>\n<meta name=\"author\" content=\"Laura McEwen\" \/>\n<meta name=\"twitter:card\" content=\"summary_large_image\" \/>\n<meta name=\"twitter:label1\" content=\"\u00c9crit par\" \/>\n\t<meta name=\"twitter:data1\" content=\"Laura McEwen\" \/>\n\t<meta name=\"twitter:label2\" content=\"Dur\u00e9e de lecture estim\u00e9e\" \/>\n\t<meta name=\"twitter:data2\" content=\"1 minute\" \/>\n<script type=\"application\/ld+json\" class=\"yoast-schema-graph\">{\"@context\":\"https:\\\/\\\/schema.org\",\"@graph\":[{\"@type\":\"Article\",\"@id\":\"https:\\\/\\\/www.invesis.com\\\/invesis-colleagues-raise-3926-75-e4532-for-charity\\\/#article\",\"isPartOf\":{\"@id\":\"https:\\\/\\\/www.invesis.com\\\/invesis-colleagues-raise-3926-75-e4532-for-charity\\\/\"},\"author\":{\"name\":\"Laura McEwen\",\"@id\":\"https:\\\/\\\/www.invesis.com\\\/#\\\/schema\\\/person\\\/5449f1d4955b4eb1da36c78266f0aaa7\"},\"headline\":\"Invesis Colleagues Raise \u00a33,926.75\\\/ \u20ac4,532 for Charity\",\"datePublished\":\"2023-12-22T12:56:55+00:00\",\"mainEntityOfPage\":{\"@id\":\"https:\\\/\\\/www.invesis.com\\\/invesis-colleagues-raise-3926-75-e4532-for-charity\\\/\"},\"wordCount\":262,\"image\":{\"@id\":\"https:\\\/\\\/www.invesis.com\\\/invesis-colleagues-raise-3926-75-e4532-for-charity\\\/#primaryimage\"},\"thumbnailUrl\":\"https:\\\/\\\/www.invesis.com\\\/wp-content\\\/uploads\\\/2023\\\/12\\\/background-image.png\",\"inLanguage\":\"fr-FR\"},{\"@type\":\"WebPage\",\"@id\":\"https:\\\/\\\/www.invesis.com\\\/invesis-colleagues-raise-3926-75-e4532-for-charity\\\/\",\"url\":\"https:\\\/\\\/www.invesis.com\\\/invesis-colleagues-raise-3926-75-e4532-for-charity\\\/\",\"name\":\"Invesis Colleagues Raise \u00a33,926.75\\\/ \u20ac4,532 for Charity | Invesis\",\"isPartOf\":{\"@id\":\"https:\\\/\\\/www.invesis.com\\\/#website\"},\"primaryImageOfPage\":{\"@id\":\"https:\\\/\\\/www.invesis.com\\\/invesis-colleagues-raise-3926-75-e4532-for-charity\\\/#primaryimage\"},\"image\":{\"@id\":\"https:\\\/\\\/www.invesis.com\\\/invesis-colleagues-raise-3926-75-e4532-for-charity\\\/#primaryimage\"},\"thumbnailUrl\":\"https:\\\/\\\/www.invesis.com\\\/wp-content\\\/uploads\\\/2023\\\/12\\\/background-image.png\",\"datePublished\":\"2023-12-22T12:56:55+00:00\",\"author\":{\"@id\":\"https:\\\/\\\/www.invesis.com\\\/#\\\/schema\\\/person\\\/5449f1d4955b4eb1da36c78266f0aaa7\"},\"breadcrumb\":{\"@id\":\"https:\\\/\\\/www.invesis.com\\\/invesis-colleagues-raise-3926-75-e4532-for-charity\\\/#breadcrumb\"},\"inLanguage\":\"fr-FR\",\"potentialAction\":[{\"@type\":\"ReadAction\",\"target\":[\"https:\\\/\\\/www.invesis.com\\\/invesis-colleagues-raise-3926-75-e4532-for-charity\\\/\"]}]},{\"@type\":\"ImageObject\",\"inLanguage\":\"fr-FR\",\"@id\":\"https:\\\/\\\/www.invesis.com\\\/invesis-colleagues-raise-3926-75-e4532-for-charity\\\/#primaryimage\",\"url\":\"https:\\\/\\\/www.invesis.com\\\/wp-content\\\/uploads\\\/2023\\\/12\\\/background-image.png\",\"contentUrl\":\"https:\\\/\\\/www.invesis.com\\\/wp-content\\\/uploads\\\/2023\\\/12\\\/background-image.png\",\"width\":1300,\"height\":595},{\"@type\":\"BreadcrumbList\",\"@id\":\"https:\\\/\\\/www.invesis.com\\\/invesis-colleagues-raise-3926-75-e4532-for-charity\\\/#breadcrumb\",\"itemListElement\":[{\"@type\":\"ListItem\",\"position\":1,\"name\":\"Home\",\"item\":\"https:\\\/\\\/www.invesis.com\\\/fr\\\/\"},{\"@type\":\"ListItem\",\"position\":2,\"name\":\"Invesis Colleagues Raise \u00a33,926.75\\\/ \u20ac4,532 for Charity\"}]},{\"@type\":\"WebSite\",\"@id\":\"https:\\\/\\\/www.invesis.com\\\/#website\",\"url\":\"https:\\\/\\\/www.invesis.com\\\/\",\"name\":\"Invesis\",\"description\":\"\",\"potentialAction\":[{\"@type\":\"SearchAction\",\"target\":{\"@type\":\"EntryPoint\",\"urlTemplate\":\"https:\\\/\\\/www.invesis.com\\\/?s={search_term_string}\"},\"query-input\":{\"@type\":\"PropertyValueSpecification\",\"valueRequired\":true,\"valueName\":\"search_term_string\"}}],\"inLanguage\":\"fr-FR\"},{\"@type\":\"Person\",\"@id\":\"https:\\\/\\\/www.invesis.com\\\/#\\\/schema\\\/person\\\/5449f1d4955b4eb1da36c78266f0aaa7\",\"name\":\"Laura McEwen\",\"image\":{\"@type\":\"ImageObject\",\"inLanguage\":\"fr-FR\",\"@id\":\"https:\\\/\\\/secure.gravatar.com\\\/avatar\\\/32d2238612695a90156b37bd1078967a1fd36f7581c74b92cc23d690cfc52f62?s=96&d=mm&r=g\",\"url\":\"https:\\\/\\\/secure.gravatar.com\\\/avatar\\\/32d2238612695a90156b37bd1078967a1fd36f7581c74b92cc23d690cfc52f62?s=96&d=mm&r=g\",\"contentUrl\":\"https:\\\/\\\/secure.gravatar.com\\\/avatar\\\/32d2238612695a90156b37bd1078967a1fd36f7581c74b92cc23d690cfc52f62?s=96&d=mm&r=g\",\"caption\":\"Laura McEwen\"},\"url\":\"https:\\\/\\\/www.invesis.com\\\/fr\\\/author\\\/laura-mcewen\\\/\"}]}<\/script>\n<!-- \/ Yoast SEO plugin. -->","yoast_head_json":{"title":"Invesis Colleagues Raise \u00a33,926.75\/ \u20ac4,532 for Charity | Invesis","robots":{"index":"index","follow":"follow","max-snippet":"max-snippet:-1","max-image-preview":"max-image-preview:large","max-video-preview":"max-video-preview:-1"},"canonical":"https:\/\/www.invesis.com\/invesis-colleagues-raise-3926-75-e4532-for-charity\/","og_locale":"fr_FR","og_type":"article","og_title":"Invesis Colleagues Raise \u00a33,926.75\/ \u20ac4,532 for Charity | Invesis","og_description":"Invesis is delighted to announce that colleagues based in our UK and Ireland offices have successfully raised \u00a33,926.75\/\u20ac4,532 for various charitable causes in 2023, exemplifying our commitment to making a &hellip; Continued","og_url":"https:\/\/www.invesis.com\/invesis-colleagues-raise-3926-75-e4532-for-charity\/","og_site_name":"Invesis","article_published_time":"2023-12-22T12:56:55+00:00","og_image":[{"width":1300,"height":595,"url":"https:\/\/www.invesis.com\/wp-content\/uploads\/2023\/12\/background-image.png","type":"image\/png"}],"author":"Laura McEwen","twitter_card":"summary_large_image","twitter_misc":{"\u00c9crit par":"Laura McEwen","Dur\u00e9e de lecture estim\u00e9e":"1 minute"},"schema":{"@context":"https:\/\/schema.org","@graph":[{"@type":"Article","@id":"https:\/\/www.invesis.com\/invesis-colleagues-raise-3926-75-e4532-for-charity\/#article","isPartOf":{"@id":"https:\/\/www.invesis.com\/invesis-colleagues-raise-3926-75-e4532-for-charity\/"},"author":{"name":"Laura McEwen","@id":"https:\/\/www.invesis.com\/#\/schema\/person\/5449f1d4955b4eb1da36c78266f0aaa7"},"headline":"Invesis Colleagues Raise \u00a33,926.75\/ \u20ac4,532 for Charity","datePublished":"2023-12-22T12:56:55+00:00","mainEntityOfPage":{"@id":"https:\/\/www.invesis.com\/invesis-colleagues-raise-3926-75-e4532-for-charity\/"},"wordCount":262,"image":{"@id":"https:\/\/www.invesis.com\/invesis-colleagues-raise-3926-75-e4532-for-charity\/#primaryimage"},"thumbnailUrl":"https:\/\/www.invesis.com\/wp-content\/uploads\/2023\/12\/background-image.png","inLanguage":"fr-FR"},{"@type":"WebPage","@id":"https:\/\/www.invesis.com\/invesis-colleagues-raise-3926-75-e4532-for-charity\/","url":"https:\/\/www.invesis.com\/invesis-colleagues-raise-3926-75-e4532-for-charity\/","name":"Invesis Colleagues Raise \u00a33,926.75\/ \u20ac4,532 for Charity | Invesis","isPartOf":{"@id":"https:\/\/www.invesis.com\/#website"},"primaryImageOfPage":{"@id":"https:\/\/www.invesis.com\/invesis-colleagues-raise-3926-75-e4532-for-charity\/#primaryimage"},"image":{"@id":"https:\/\/www.invesis.com\/invesis-colleagues-raise-3926-75-e4532-for-charity\/#primaryimage"},"thumbnailUrl":"https:\/\/www.invesis.com\/wp-content\/uploads\/2023\/12\/background-image.png","datePublished":"2023-12-22T12:56:55+00:00","author":{"@id":"https:\/\/www.invesis.com\/#\/schema\/person\/5449f1d4955b4eb1da36c78266f0aaa7"},"breadcrumb":{"@id":"https:\/\/www.invesis.com\/invesis-colleagues-raise-3926-75-e4532-for-charity\/#breadcrumb"},"inLanguage":"fr-FR","potentialAction":[{"@type":"ReadAction","target":["https:\/\/www.invesis.com\/invesis-colleagues-raise-3926-75-e4532-for-charity\/"]}]},{"@type":"ImageObject","inLanguage":"fr-FR","@id":"https:\/\/www.invesis.com\/invesis-colleagues-raise-3926-75-e4532-for-charity\/#primaryimage","url":"https:\/\/www.invesis.com\/wp-content\/uploads\/2023\/12\/background-image.png","contentUrl":"https:\/\/www.invesis.com\/wp-content\/uploads\/2023\/12\/background-image.png","width":1300,"height":595},{"@type":"BreadcrumbList","@id":"https:\/\/www.invesis.com\/invesis-colleagues-raise-3926-75-e4532-for-charity\/#breadcrumb","itemListElement":[{"@type":"ListItem","position":1,"name":"Home","item":"https:\/\/www.invesis.com\/fr\/"},{"@type":"ListItem","position":2,"name":"Invesis Colleagues Raise \u00a33,926.75\/ \u20ac4,532 for Charity"}]},{"@type":"WebSite","@id":"https:\/\/www.invesis.com\/#website","url":"https:\/\/www.invesis.com\/","name":"Invesis","description":"","potentialAction":[{"@type":"SearchAction","target":{"@type":"EntryPoint","urlTemplate":"https:\/\/www.invesis.com\/?s={search_term_string}"},"query-input":{"@type":"PropertyValueSpecification","valueRequired":true,"valueName":"search_term_string"}}],"inLanguage":"fr-FR"},{"@type":"Person","@id":"https:\/\/www.invesis.com\/#\/schema\/person\/5449f1d4955b4eb1da36c78266f0aaa7","name":"Laura McEwen","image":{"@type":"ImageObject","inLanguage":"fr-FR","@id":"https:\/\/secure.gravatar.com\/avatar\/32d2238612695a90156b37bd1078967a1fd36f7581c74b92cc23d690cfc52f62?s=96&d=mm&r=g","url":"https:\/\/secure.gravatar.com\/avatar\/32d2238612695a90156b37bd1078967a1fd36f7581c74b92cc23d690cfc52f62?s=96&d=mm&r=g","contentUrl":"https:\/\/secure.gravatar.com\/avatar\/32d2238612695a90156b37bd1078967a1fd36f7581c74b92cc23d690cfc52f62?s=96&d=mm&r=g","caption":"Laura McEwen"},"url":"https:\/\/www.invesis.com\/fr\/author\/laura-mcewen\/"}]}},"_links":{"self":[{"href":"https:\/\/www.invesis.com\/fr\/wp-json\/wp\/v2\/posts\/8169","targetHints":{"allow":["GET"]}}],"collection":[{"href":"https:\/\/www.invesis.com\/fr\/wp-json\/wp\/v2\/posts"}],"about":[{"href":"https:\/\/www.invesis.com\/fr\/wp-json\/wp\/v2\/types\/post"}],"author":[{"embeddable":true,"href":"https:\/\/www.invesis.com\/fr\/wp-json\/wp\/v2\/users\/8"}],"replies":[{"embeddable":true,"href":"https:\/\/www.invesis.com\/fr\/wp-json\/wp\/v2\/comments?post=8169"}],"version-history":[{"count":0,"href":"https:\/\/www.invesis.com\/fr\/wp-json\/wp\/v2\/posts\/8169\/revisions"}],"wp:featuredmedia":[{"embeddable":true,"href":"https:\/\/www.invesis.com\/fr\/wp-json\/wp\/v2\/media\/8203"}],"wp:attachment":[{"href":"https:\/\/www.invesis.com\/fr\/wp-json\/wp\/v2\/media?parent=8169"}],"wp:term":[{"taxonomy":"category","embeddable":true,"href":"https:\/\/www.invesis.com\/fr\/wp-json\/wp\/v2\/categories?post=8169"}],"curies":[{"name":"wp","href":"https:\/\/api.w.org\/{rel}","templated":true}]}}