{"id":5331,"date":"2022-07-01T07:59:20","date_gmt":"2022-07-01T07:59:20","guid":{"rendered":"https:\/\/invesis.localhost\/?p=5331"},"modified":"2023-06-22T12:22:22","modified_gmt":"2023-06-22T12:22:22","slug":"invesis-consortium-abc-02-reaches-financial-close-with-vzw-ignatius-schools-in-motion-for-the-egied-van-broeckhoven-school","status":"publish","type":"post","link":"https:\/\/www.invesis.com\/fr\/invesis-consortium-abc-02-reaches-financial-close-with-vzw-ignatius-schools-in-motion-for-the-egied-van-broeckhoven-school\/","title":{"rendered":"Invesis consortium ABC 02 reaches financial close with vzw Ignatius Schools in Motion for the Egied Van Broeckhoven School."},"content":{"rendered":"<p>Quality education goes hand in hand with quality infrastructure and the Flemish Government is committed to investing in school infrastructure. Through project-specific Design, Build, Finance and Maintain (DBFM) agreements which provide an alternative financing option with the private sector, \u00a0Agion, an independent agency for Infrastructure in Education established by the Flemish Government, has created a programme for public-private investment to deliver brand new and renovated schools. This DBFM program includes 42 projects scattered over 13 clusters and will create a total of 250,000m\u00b2 of new school buildings. The Egied Van Broeckhoven school in Brussels, Belgium, is the first project within this programme.<\/p>\n<p><strong>Invesis &#8211; Alheembouw<\/strong><\/p>\n<p>The Invesis and Alheembouw consortium, named ABC 02, have successfully signed the contract with the board of the Egied Van Broeckhoven School, marking a major milestone being the first project in this DBFM schools programme of the Flemish Government. The design, construction, financing and maintenance of the first Dutch-speaking secondary school in Sint-Jans-Molenbeek is now underway and will provide 12,975m\u00b2 of new and renovated buildings with an estimated investment of over 35 million euros.<\/p>\n<p>To deliver on the high ambitions of the non-profit client organisation \u2018vzw Ignatius Schools in Motion\u2019, project management will be provided by PREO, Alheembouw is responsible for the construction of the project and responsible for the design is B2Ai architects. BAM FM will provide facilities management of the infrastructure for a period of 30 years. Equity will be provided by Invesis (50%) and Alheembouw (50%), and debt is provided by recognised financing parties in the Belgium market, KBC Bank NV and Baloise Belgium NV. Invesis and Alheembouw will also provide the Contract and Financial Management for the full 30 year concession period.<\/p>\n<p><img loading=\"lazy\" decoding=\"async\" class=\"wp-image-5332 size-full alignnone\" src=\"https:\/\/www.invesis.com\/wp-content\/uploads\/2022\/07\/B2Ai-EVB-2020-12-16-Beeld-09-Overzichtsbeeld-small.jpg\" alt=\"Render of buildings\" width=\"1920\" height=\"1440\" srcset=\"https:\/\/www.invesis.com\/wp-content\/uploads\/2022\/07\/B2Ai-EVB-2020-12-16-Beeld-09-Overzichtsbeeld-small.jpg 1920w, https:\/\/www.invesis.com\/wp-content\/uploads\/2022\/07\/B2Ai-EVB-2020-12-16-Beeld-09-Overzichtsbeeld-small-300x225.jpg 300w, https:\/\/www.invesis.com\/wp-content\/uploads\/2022\/07\/B2Ai-EVB-2020-12-16-Beeld-09-Overzichtsbeeld-small-1024x768.jpg 1024w, https:\/\/www.invesis.com\/wp-content\/uploads\/2022\/07\/B2Ai-EVB-2020-12-16-Beeld-09-Overzichtsbeeld-small-768x576.jpg 768w, https:\/\/www.invesis.com\/wp-content\/uploads\/2022\/07\/B2Ai-EVB-2020-12-16-Beeld-09-Overzichtsbeeld-small-1536x1152.jpg 1536w\" sizes=\"auto, (max-width: 1920px) 100vw, 1920px\" \/><\/p>\n<p>&nbsp;<\/p>\n<p><strong>Switch between city and society <\/strong><\/p>\n<p>The establishment of the Egied Van Broeckhoven School is an initiative by the non-profit organisation [vzw] Ignatius Schools in Motion. The brand new school will be situated in the multicultural district around the West station in Sint-Jans-Molenbeek, Brussels, in the buildings of the former Vandenheuvel brewery and will form part of its immediate environment and the social fabric of the neighbourhood. The new infrastructure will also allow a wide range of classrooms and outdoor spaces to be used for non-school activities outside of school hours, serving as a community building to offer young people a meeting place to interact with one another in a neighbourhood known as a melting pot of different cultures and religions.<\/p>\n<p><strong>Unique offer for 860 students <\/strong><\/p>\n<p>Egied Van Broeckhoven School offers a unique range of study options within two domains, aligned with the needs of the Brussels metropolis: the science domain \u201cSTEM\u201d and the healthcare domain \u201cWelfare &amp; Society\u201d. These include general courses, technical courses and occupational studies specifically focussed on the job market. When the school opens in September 2024, 860 students will be able to take lessons in modern and contemporary classrooms for practical and theoretical courses, in an environment with open learning landscapes, multifunctional and project spaces and a sports hall.<\/p>\n<p><img loading=\"lazy\" decoding=\"async\" class=\"wp-image-5338 size-full alignnone\" src=\"https:\/\/www.invesis.com\/wp-content\/uploads\/2022\/07\/B2Ai-EVB-2020-12-09-Beeld-05-Speelplaats-B-gray-small.jpg\" alt=\"\" width=\"1000\" height=\"988\" \/><\/p>\n<p>&nbsp;<\/p>\n<p><strong>Consortium <\/strong><br \/>\nClient: \u00a0\u00a0\u00a0\u00a0\u00a0\u00a0\u00a0\u00a0\u00a0\u00a0\u00a0\u00a0 \u00a0\u00a0\u00a0\u00a0\u00a0\u00a0\u00a0\u00a0\u00a0\u00a0\u00a0 \u00a0\u00a0\u00a0\u00a0\u00a0\u00a0\u00a0\u00a0\u00a0\u00a0\u00a0 \u00a0\u00a0\u00a0\u00a0\u00a0\u00a0\u00a0\u00a0\u00a0\u00a0\u00a0 vzw Ignatius Schools in Motion<br \/>\nConsortium: \u00a0\u00a0\u00a0\u00a0\u00a0\u00a0\u00a0\u00a0\u00a0\u00a0\u00a0\u00a0\u00a0\u00a0\u00a0\u00a0\u00a0\u00a0\u00a0\u00a0\u00a0\u00a0\u00a0\u00a0\u00a0\u00a0 \u00a0\u00a0\u00a0\u00a0\u00a0\u00a0\u00a0\u00a0\u00a0\u00a0\u00a0 ABC 02 (Invesis &#8211; Alheembouw)<br \/>\nEquity Providers:\u00a0\u00a0\u00a0\u00a0\u00a0\u00a0\u00a0\u00a0\u00a0\u00a0\u00a0\u00a0\u00a0\u00a0\u00a0\u00a0\u00a0\u00a0\u00a0 \u00a0\u00a0\u00a0\u00a0\u00a0\u00a0\u00a0\u00a0\u00a0\u00a0\u00a0 Invesis (50%) and Alheembouw (50%)<br \/>\nDebt providers:\u00a0\u00a0\u00a0\u00a0\u00a0\u00a0\u00a0\u00a0\u00a0\u00a0\u00a0\u00a0\u00a0\u00a0\u00a0\u00a0\u00a0\u00a0\u00a0\u00a0\u00a0\u00a0\u00a0\u00a0\u00a0\u00a0\u00a0\u00a0\u00a0\u00a0\u00a0\u00a0\u00a0\u00a0 KBC Bank NV and Baloise Belgium NV<br \/>\nEPC Contractor: \u00a0\u00a0\u00a0\u00a0\u00a0\u00a0\u00a0\u00a0\u00a0\u00a0\u00a0\u00a0\u00a0\u00a0\u00a0\u00a0\u00a0\u00a0\u00a0\u00a0 \u00a0\u00a0\u00a0\u00a0\u00a0\u00a0\u00a0\u00a0\u00a0\u00a0\u00a0 Alheembouw<br \/>\nO&amp;M Contractor: \u00a0\u00a0\u00a0\u00a0\u00a0\u00a0\u00a0\u00a0\u00a0\u00a0\u00a0\u00a0\u00a0\u00a0\u00a0\u00a0\u00a0\u00a0 \u00a0\u00a0\u00a0\u00a0\u00a0\u00a0\u00a0\u00a0\u00a0\u00a0\u00a0 BAM FM<br \/>\nProject Management: \u00a0\u00a0\u00a0\u00a0\u00a0\u00a0\u00a0\u00a0\u00a0\u00a0\u00a0 \u00a0\u00a0\u00a0\u00a0\u00a0\u00a0\u00a0\u00a0\u00a0\u00a0\u00a0 PREO<br \/>\nArchitecture: \u00a0\u00a0\u00a0\u00a0\u00a0\u00a0\u00a0\u00a0\u00a0\u00a0\u00a0\u00a0\u00a0\u00a0\u00a0\u00a0\u00a0\u00a0\u00a0\u00a0\u00a0\u00a0\u00a0\u00a0\u00a0 \u00a0\u00a0\u00a0\u00a0\u00a0\u00a0\u00a0\u00a0\u00a0\u00a0\u00a0 B2Ai architects<br \/>\nStability\/Techniques\/Acoustics: \u00a0\u00a0\u00a0\u00a0\u00a0\u00a0\u00a0 VK architects &amp; engineers<br \/>\nLandscape Architect: \u00a0\u00a0\u00a0\u00a0\u00a0\u00a0\u00a0\u00a0\u00a0\u00a0\u00a0 \u00a0\u00a0\u00a0\u00a0\u00a0\u00a0\u00a0\u00a0\u00a0\u00a0\u00a0 Stefaan Thiers<\/p>\n<p><strong>Timing <\/strong><br \/>\nStart of work: \u00a0\u00a0 \u00a0\u00a0\u00a0\u00a0\u00a0\u00a0\u00a0\u00a0\u00a0\u00a0\u00a0 2<sup>nd<\/sup> June 2022<br \/>\nExecution period: \u00a0\u00a0\u00a0\u00a0\u00a0\u00a0\u00a0\u00a0 25 months<\/p>\n<p>&nbsp;<\/p>\n<p><strong>Further Information<\/strong><\/p>\n<p>ABC 02 Consortium &#8211; <a href=\"mailto:info@ABC02.be\">info@ABC02.be<\/a><\/p>\n","protected":false},"excerpt":{"rendered":"<p>Quality education goes hand in hand with quality infrastructure and the Flemish Government is committed to investing in school infrastructure. Through project-specific Design, Build, Finance and Maintain (DBFM) agreements which &hellip; <a href=\"https:\/\/www.invesis.com\/fr\/invesis-consortium-abc-02-reaches-financial-close-with-vzw-ignatius-schools-in-motion-for-the-egied-van-broeckhoven-school\/\">Continued<\/a><\/p>\n","protected":false},"author":1,"featured_media":5332,"comment_status":"closed","ping_status":"closed","sticky":false,"template":"","format":"standard","meta":{"_acf_changed":false,"footnotes":""},"categories":[99],"class_list":["post-5331","post","type-post","status-publish","format-standard","has-post-thumbnail","hentry","category-project-news","sectors-education","countries-belgium"],"acf":[],"yoast_head":"<!-- This site is optimized with the Yoast SEO plugin v27.3 - https:\/\/yoast.com\/product\/yoast-seo-wordpress\/ -->\n<title>Invesis consortium ABC 02 reaches financial close with vzw Ignatius Schools in Motion for the Egied Van Broeckhoven School. | Invesis<\/title>\n<meta name=\"robots\" content=\"index, follow, max-snippet:-1, max-image-preview:large, max-video-preview:-1\" \/>\n<link rel=\"canonical\" href=\"https:\/\/www.invesis.com\/invesis-consortium-abc-02-reaches-financial-close-with-vzw-ignatius-schools-in-motion-for-the-egied-van-broeckhoven-school\/\" \/>\n<meta property=\"og:locale\" content=\"fr_FR\" \/>\n<meta property=\"og:type\" content=\"article\" \/>\n<meta property=\"og:title\" content=\"Invesis consortium ABC 02 reaches financial close with vzw Ignatius Schools in Motion for the Egied Van Broeckhoven School. | Invesis\" \/>\n<meta property=\"og:description\" content=\"Quality education goes hand in hand with quality infrastructure and the Flemish Government is committed to investing in school infrastructure. Through project-specific Design, Build, Finance and Maintain (DBFM) agreements which &hellip; Continued\" \/>\n<meta property=\"og:url\" content=\"https:\/\/www.invesis.com\/invesis-consortium-abc-02-reaches-financial-close-with-vzw-ignatius-schools-in-motion-for-the-egied-van-broeckhoven-school\/\" \/>\n<meta property=\"og:site_name\" content=\"Invesis\" \/>\n<meta property=\"article:published_time\" content=\"2022-07-01T07:59:20+00:00\" \/>\n<meta property=\"article:modified_time\" content=\"2023-06-22T12:22:22+00:00\" \/>\n<meta property=\"og:image\" content=\"https:\/\/www.invesis.com\/wp-content\/uploads\/2022\/07\/B2Ai-EVB-2020-12-16-Beeld-09-Overzichtsbeeld-small.jpg\" \/>\n\t<meta property=\"og:image:width\" content=\"1920\" \/>\n\t<meta property=\"og:image:height\" content=\"1440\" \/>\n\t<meta property=\"og:image:type\" content=\"image\/jpeg\" \/>\n<meta name=\"author\" content=\"Berkeley\" \/>\n<meta name=\"twitter:card\" content=\"summary_large_image\" \/>\n<meta name=\"twitter:label1\" content=\"\u00c9crit par\" \/>\n\t<meta name=\"twitter:data1\" content=\"Berkeley\" \/>\n\t<meta name=\"twitter:label2\" content=\"Dur\u00e9e de lecture estim\u00e9e\" \/>\n\t<meta name=\"twitter:data2\" content=\"3 minutes\" \/>\n<script type=\"application\/ld+json\" class=\"yoast-schema-graph\">{\"@context\":\"https:\\\/\\\/schema.org\",\"@graph\":[{\"@type\":\"Article\",\"@id\":\"https:\\\/\\\/www.invesis.com\\\/invesis-consortium-abc-02-reaches-financial-close-with-vzw-ignatius-schools-in-motion-for-the-egied-van-broeckhoven-school\\\/#article\",\"isPartOf\":{\"@id\":\"https:\\\/\\\/www.invesis.com\\\/invesis-consortium-abc-02-reaches-financial-close-with-vzw-ignatius-schools-in-motion-for-the-egied-van-broeckhoven-school\\\/\"},\"author\":{\"name\":\"Berkeley\",\"@id\":\"https:\\\/\\\/www.invesis.com\\\/#\\\/schema\\\/person\\\/3f39ee3ab3294b9ee1acc7f4df371b67\"},\"headline\":\"Invesis consortium ABC 02 reaches financial close with vzw Ignatius Schools in Motion for the Egied Van Broeckhoven School.\",\"datePublished\":\"2022-07-01T07:59:20+00:00\",\"dateModified\":\"2023-06-22T12:22:22+00:00\",\"mainEntityOfPage\":{\"@id\":\"https:\\\/\\\/www.invesis.com\\\/invesis-consortium-abc-02-reaches-financial-close-with-vzw-ignatius-schools-in-motion-for-the-egied-van-broeckhoven-school\\\/\"},\"wordCount\":575,\"image\":{\"@id\":\"https:\\\/\\\/www.invesis.com\\\/invesis-consortium-abc-02-reaches-financial-close-with-vzw-ignatius-schools-in-motion-for-the-egied-van-broeckhoven-school\\\/#primaryimage\"},\"thumbnailUrl\":\"https:\\\/\\\/www.invesis.com\\\/wp-content\\\/uploads\\\/2022\\\/07\\\/B2Ai-EVB-2020-12-16-Beeld-09-Overzichtsbeeld-small.jpg\",\"articleSection\":[\"Project News\"],\"inLanguage\":\"fr-FR\"},{\"@type\":\"WebPage\",\"@id\":\"https:\\\/\\\/www.invesis.com\\\/invesis-consortium-abc-02-reaches-financial-close-with-vzw-ignatius-schools-in-motion-for-the-egied-van-broeckhoven-school\\\/\",\"url\":\"https:\\\/\\\/www.invesis.com\\\/invesis-consortium-abc-02-reaches-financial-close-with-vzw-ignatius-schools-in-motion-for-the-egied-van-broeckhoven-school\\\/\",\"name\":\"Invesis consortium ABC 02 reaches financial close with vzw Ignatius Schools in Motion for the Egied Van Broeckhoven School. | Invesis\",\"isPartOf\":{\"@id\":\"https:\\\/\\\/www.invesis.com\\\/#website\"},\"primaryImageOfPage\":{\"@id\":\"https:\\\/\\\/www.invesis.com\\\/invesis-consortium-abc-02-reaches-financial-close-with-vzw-ignatius-schools-in-motion-for-the-egied-van-broeckhoven-school\\\/#primaryimage\"},\"image\":{\"@id\":\"https:\\\/\\\/www.invesis.com\\\/invesis-consortium-abc-02-reaches-financial-close-with-vzw-ignatius-schools-in-motion-for-the-egied-van-broeckhoven-school\\\/#primaryimage\"},\"thumbnailUrl\":\"https:\\\/\\\/www.invesis.com\\\/wp-content\\\/uploads\\\/2022\\\/07\\\/B2Ai-EVB-2020-12-16-Beeld-09-Overzichtsbeeld-small.jpg\",\"datePublished\":\"2022-07-01T07:59:20+00:00\",\"dateModified\":\"2023-06-22T12:22:22+00:00\",\"author\":{\"@id\":\"https:\\\/\\\/www.invesis.com\\\/#\\\/schema\\\/person\\\/3f39ee3ab3294b9ee1acc7f4df371b67\"},\"breadcrumb\":{\"@id\":\"https:\\\/\\\/www.invesis.com\\\/invesis-consortium-abc-02-reaches-financial-close-with-vzw-ignatius-schools-in-motion-for-the-egied-van-broeckhoven-school\\\/#breadcrumb\"},\"inLanguage\":\"fr-FR\",\"potentialAction\":[{\"@type\":\"ReadAction\",\"target\":[\"https:\\\/\\\/www.invesis.com\\\/invesis-consortium-abc-02-reaches-financial-close-with-vzw-ignatius-schools-in-motion-for-the-egied-van-broeckhoven-school\\\/\"]}]},{\"@type\":\"ImageObject\",\"inLanguage\":\"fr-FR\",\"@id\":\"https:\\\/\\\/www.invesis.com\\\/invesis-consortium-abc-02-reaches-financial-close-with-vzw-ignatius-schools-in-motion-for-the-egied-van-broeckhoven-school\\\/#primaryimage\",\"url\":\"https:\\\/\\\/www.invesis.com\\\/wp-content\\\/uploads\\\/2022\\\/07\\\/B2Ai-EVB-2020-12-16-Beeld-09-Overzichtsbeeld-small.jpg\",\"contentUrl\":\"https:\\\/\\\/www.invesis.com\\\/wp-content\\\/uploads\\\/2022\\\/07\\\/B2Ai-EVB-2020-12-16-Beeld-09-Overzichtsbeeld-small.jpg\",\"width\":1920,\"height\":1440,\"caption\":\"Render of buildings\"},{\"@type\":\"BreadcrumbList\",\"@id\":\"https:\\\/\\\/www.invesis.com\\\/invesis-consortium-abc-02-reaches-financial-close-with-vzw-ignatius-schools-in-motion-for-the-egied-van-broeckhoven-school\\\/#breadcrumb\",\"itemListElement\":[{\"@type\":\"ListItem\",\"position\":1,\"name\":\"Home\",\"item\":\"https:\\\/\\\/www.invesis.com\\\/fr\\\/\"},{\"@type\":\"ListItem\",\"position\":2,\"name\":\"Invesis consortium ABC 02 reaches financial close with vzw Ignatius Schools in Motion for the Egied Van Broeckhoven School.\"}]},{\"@type\":\"WebSite\",\"@id\":\"https:\\\/\\\/www.invesis.com\\\/#website\",\"url\":\"https:\\\/\\\/www.invesis.com\\\/\",\"name\":\"Invesis\",\"description\":\"\",\"potentialAction\":[{\"@type\":\"SearchAction\",\"target\":{\"@type\":\"EntryPoint\",\"urlTemplate\":\"https:\\\/\\\/www.invesis.com\\\/?s={search_term_string}\"},\"query-input\":{\"@type\":\"PropertyValueSpecification\",\"valueRequired\":true,\"valueName\":\"search_term_string\"}}],\"inLanguage\":\"fr-FR\"},{\"@type\":\"Person\",\"@id\":\"https:\\\/\\\/www.invesis.com\\\/#\\\/schema\\\/person\\\/3f39ee3ab3294b9ee1acc7f4df371b67\",\"name\":\"Berkeley\",\"image\":{\"@type\":\"ImageObject\",\"inLanguage\":\"fr-FR\",\"@id\":\"https:\\\/\\\/secure.gravatar.com\\\/avatar\\\/bba65e4417b8a232cafd9035f2c17e378cdd39ec2188c02a6271539419d2b72e?s=96&d=mm&r=g\",\"url\":\"https:\\\/\\\/secure.gravatar.com\\\/avatar\\\/bba65e4417b8a232cafd9035f2c17e378cdd39ec2188c02a6271539419d2b72e?s=96&d=mm&r=g\",\"contentUrl\":\"https:\\\/\\\/secure.gravatar.com\\\/avatar\\\/bba65e4417b8a232cafd9035f2c17e378cdd39ec2188c02a6271539419d2b72e?s=96&d=mm&r=g\",\"caption\":\"Berkeley\"},\"sameAs\":[\"https:\\\/\\\/www.invesis.com\"],\"url\":\"https:\\\/\\\/www.invesis.com\\\/fr\\\/author\\\/berkeley\\\/\"}]}<\/script>\n<!-- \/ Yoast SEO plugin. -->","yoast_head_json":{"title":"Invesis consortium ABC 02 reaches financial close with vzw Ignatius Schools in Motion for the Egied Van Broeckhoven School. | Invesis","robots":{"index":"index","follow":"follow","max-snippet":"max-snippet:-1","max-image-preview":"max-image-preview:large","max-video-preview":"max-video-preview:-1"},"canonical":"https:\/\/www.invesis.com\/invesis-consortium-abc-02-reaches-financial-close-with-vzw-ignatius-schools-in-motion-for-the-egied-van-broeckhoven-school\/","og_locale":"fr_FR","og_type":"article","og_title":"Invesis consortium ABC 02 reaches financial close with vzw Ignatius Schools in Motion for the Egied Van Broeckhoven School. | Invesis","og_description":"Quality education goes hand in hand with quality infrastructure and the Flemish Government is committed to investing in school infrastructure. Through project-specific Design, Build, Finance and Maintain (DBFM) agreements which &hellip; Continued","og_url":"https:\/\/www.invesis.com\/invesis-consortium-abc-02-reaches-financial-close-with-vzw-ignatius-schools-in-motion-for-the-egied-van-broeckhoven-school\/","og_site_name":"Invesis","article_published_time":"2022-07-01T07:59:20+00:00","article_modified_time":"2023-06-22T12:22:22+00:00","og_image":[{"width":1920,"height":1440,"url":"https:\/\/www.invesis.com\/wp-content\/uploads\/2022\/07\/B2Ai-EVB-2020-12-16-Beeld-09-Overzichtsbeeld-small.jpg","type":"image\/jpeg"}],"author":"Berkeley","twitter_card":"summary_large_image","twitter_misc":{"\u00c9crit par":"Berkeley","Dur\u00e9e de lecture estim\u00e9e":"3 minutes"},"schema":{"@context":"https:\/\/schema.org","@graph":[{"@type":"Article","@id":"https:\/\/www.invesis.com\/invesis-consortium-abc-02-reaches-financial-close-with-vzw-ignatius-schools-in-motion-for-the-egied-van-broeckhoven-school\/#article","isPartOf":{"@id":"https:\/\/www.invesis.com\/invesis-consortium-abc-02-reaches-financial-close-with-vzw-ignatius-schools-in-motion-for-the-egied-van-broeckhoven-school\/"},"author":{"name":"Berkeley","@id":"https:\/\/www.invesis.com\/#\/schema\/person\/3f39ee3ab3294b9ee1acc7f4df371b67"},"headline":"Invesis consortium ABC 02 reaches financial close with vzw Ignatius Schools in Motion for the Egied Van Broeckhoven School.","datePublished":"2022-07-01T07:59:20+00:00","dateModified":"2023-06-22T12:22:22+00:00","mainEntityOfPage":{"@id":"https:\/\/www.invesis.com\/invesis-consortium-abc-02-reaches-financial-close-with-vzw-ignatius-schools-in-motion-for-the-egied-van-broeckhoven-school\/"},"wordCount":575,"image":{"@id":"https:\/\/www.invesis.com\/invesis-consortium-abc-02-reaches-financial-close-with-vzw-ignatius-schools-in-motion-for-the-egied-van-broeckhoven-school\/#primaryimage"},"thumbnailUrl":"https:\/\/www.invesis.com\/wp-content\/uploads\/2022\/07\/B2Ai-EVB-2020-12-16-Beeld-09-Overzichtsbeeld-small.jpg","articleSection":["Project News"],"inLanguage":"fr-FR"},{"@type":"WebPage","@id":"https:\/\/www.invesis.com\/invesis-consortium-abc-02-reaches-financial-close-with-vzw-ignatius-schools-in-motion-for-the-egied-van-broeckhoven-school\/","url":"https:\/\/www.invesis.com\/invesis-consortium-abc-02-reaches-financial-close-with-vzw-ignatius-schools-in-motion-for-the-egied-van-broeckhoven-school\/","name":"Invesis consortium ABC 02 reaches financial close with vzw Ignatius Schools in Motion for the Egied Van Broeckhoven School. | Invesis","isPartOf":{"@id":"https:\/\/www.invesis.com\/#website"},"primaryImageOfPage":{"@id":"https:\/\/www.invesis.com\/invesis-consortium-abc-02-reaches-financial-close-with-vzw-ignatius-schools-in-motion-for-the-egied-van-broeckhoven-school\/#primaryimage"},"image":{"@id":"https:\/\/www.invesis.com\/invesis-consortium-abc-02-reaches-financial-close-with-vzw-ignatius-schools-in-motion-for-the-egied-van-broeckhoven-school\/#primaryimage"},"thumbnailUrl":"https:\/\/www.invesis.com\/wp-content\/uploads\/2022\/07\/B2Ai-EVB-2020-12-16-Beeld-09-Overzichtsbeeld-small.jpg","datePublished":"2022-07-01T07:59:20+00:00","dateModified":"2023-06-22T12:22:22+00:00","author":{"@id":"https:\/\/www.invesis.com\/#\/schema\/person\/3f39ee3ab3294b9ee1acc7f4df371b67"},"breadcrumb":{"@id":"https:\/\/www.invesis.com\/invesis-consortium-abc-02-reaches-financial-close-with-vzw-ignatius-schools-in-motion-for-the-egied-van-broeckhoven-school\/#breadcrumb"},"inLanguage":"fr-FR","potentialAction":[{"@type":"ReadAction","target":["https:\/\/www.invesis.com\/invesis-consortium-abc-02-reaches-financial-close-with-vzw-ignatius-schools-in-motion-for-the-egied-van-broeckhoven-school\/"]}]},{"@type":"ImageObject","inLanguage":"fr-FR","@id":"https:\/\/www.invesis.com\/invesis-consortium-abc-02-reaches-financial-close-with-vzw-ignatius-schools-in-motion-for-the-egied-van-broeckhoven-school\/#primaryimage","url":"https:\/\/www.invesis.com\/wp-content\/uploads\/2022\/07\/B2Ai-EVB-2020-12-16-Beeld-09-Overzichtsbeeld-small.jpg","contentUrl":"https:\/\/www.invesis.com\/wp-content\/uploads\/2022\/07\/B2Ai-EVB-2020-12-16-Beeld-09-Overzichtsbeeld-small.jpg","width":1920,"height":1440,"caption":"Render of buildings"},{"@type":"BreadcrumbList","@id":"https:\/\/www.invesis.com\/invesis-consortium-abc-02-reaches-financial-close-with-vzw-ignatius-schools-in-motion-for-the-egied-van-broeckhoven-school\/#breadcrumb","itemListElement":[{"@type":"ListItem","position":1,"name":"Home","item":"https:\/\/www.invesis.com\/fr\/"},{"@type":"ListItem","position":2,"name":"Invesis consortium ABC 02 reaches financial close with vzw Ignatius Schools in Motion for the Egied Van Broeckhoven School."}]},{"@type":"WebSite","@id":"https:\/\/www.invesis.com\/#website","url":"https:\/\/www.invesis.com\/","name":"Invesis","description":"","potentialAction":[{"@type":"SearchAction","target":{"@type":"EntryPoint","urlTemplate":"https:\/\/www.invesis.com\/?s={search_term_string}"},"query-input":{"@type":"PropertyValueSpecification","valueRequired":true,"valueName":"search_term_string"}}],"inLanguage":"fr-FR"},{"@type":"Person","@id":"https:\/\/www.invesis.com\/#\/schema\/person\/3f39ee3ab3294b9ee1acc7f4df371b67","name":"Berkeley","image":{"@type":"ImageObject","inLanguage":"fr-FR","@id":"https:\/\/secure.gravatar.com\/avatar\/bba65e4417b8a232cafd9035f2c17e378cdd39ec2188c02a6271539419d2b72e?s=96&d=mm&r=g","url":"https:\/\/secure.gravatar.com\/avatar\/bba65e4417b8a232cafd9035f2c17e378cdd39ec2188c02a6271539419d2b72e?s=96&d=mm&r=g","contentUrl":"https:\/\/secure.gravatar.com\/avatar\/bba65e4417b8a232cafd9035f2c17e378cdd39ec2188c02a6271539419d2b72e?s=96&d=mm&r=g","caption":"Berkeley"},"sameAs":["https:\/\/www.invesis.com"],"url":"https:\/\/www.invesis.com\/fr\/author\/berkeley\/"}]}},"_links":{"self":[{"href":"https:\/\/www.invesis.com\/fr\/wp-json\/wp\/v2\/posts\/5331","targetHints":{"allow":["GET"]}}],"collection":[{"href":"https:\/\/www.invesis.com\/fr\/wp-json\/wp\/v2\/posts"}],"about":[{"href":"https:\/\/www.invesis.com\/fr\/wp-json\/wp\/v2\/types\/post"}],"author":[{"embeddable":true,"href":"https:\/\/www.invesis.com\/fr\/wp-json\/wp\/v2\/users\/1"}],"replies":[{"embeddable":true,"href":"https:\/\/www.invesis.com\/fr\/wp-json\/wp\/v2\/comments?post=5331"}],"version-history":[{"count":0,"href":"https:\/\/www.invesis.com\/fr\/wp-json\/wp\/v2\/posts\/5331\/revisions"}],"wp:featuredmedia":[{"embeddable":true,"href":"https:\/\/www.invesis.com\/fr\/wp-json\/wp\/v2\/media\/5332"}],"wp:attachment":[{"href":"https:\/\/www.invesis.com\/fr\/wp-json\/wp\/v2\/media?parent=5331"}],"wp:term":[{"taxonomy":"category","embeddable":true,"href":"https:\/\/www.invesis.com\/fr\/wp-json\/wp\/v2\/categories?post=5331"}],"curies":[{"name":"wp","href":"https:\/\/api.w.org\/{rel}","templated":true}]}}