{"id":1879,"date":"2018-10-26T00:00:00","date_gmt":"2018-10-26T00:00:00","guid":{"rendered":"https:\/\/invesis.localhost\/minister-opens-skibbereen-school-as-part-of-e70-million-bam-ppp-project\/"},"modified":"2022-03-07T09:59:22","modified_gmt":"2022-03-07T09:59:22","slug":"minister-opens-skibbereen-school-as-part-of-e70-million-bam-ppp-project","status":"publish","type":"post","link":"https:\/\/www.invesis.com\/fr\/minister-opens-skibbereen-school-as-part-of-e70-million-bam-ppp-project\/","title":{"rendered":"Minister opens Skibbereen school as part of \u20ac70 million BAM PPP project"},"content":{"rendered":"<div class=\"node-content\"> <a href=\"\/wp-content\/uploads\/drupal-backup\/news\/2018-11-07-skibbereen-02-606-1541604474769174623-761-1541667935538064869.jpg\" class=\"fancybox-image-link\"><img decoding=\"async\" class=\"bam-base-image-style teaser-image image-style\" typeof=\"foaf:Image\" src=\"\/wp-content\/uploads\/drupal-backup\/news\/2018-11-07-skibbereen-02-606-1541604474769174623-761-1541667935538064869.jpg?itok=FZU_CcIh\" alt=\"\" title=\"\"><\/a> <strong><\/p>\n<p>Skibbereen, Co. Cork, 26 October 2018 \u2013 The new 900-pupil Skibbereen Community School in Co. Cork, built by leading contractors BAM, has been officially opened by an Irish Minister of State at the Department of Health, Jim Daly T.D.<\/p>\n<p> <\/strong> <\/p>\n<p>At 10,500 m<sup>2<\/sup>, Skibbereen Community School is the largest and final school development in Ireland&rsquo;s government-backed programme.<\/p>\n<p><img decoding=\"async\" alt=\"\" src=\"\/wp-content\/uploads\/drupal-backup\/2018-11-07-skibbereen-01-606-15416045581960319166.jpg\" style=\"width: 500px; height: 333px;\"><\/p>\n<p>It boasts 26 classrooms, a lecture theatre, five laboratories, a library, two woodwork\/construction rooms, an additional needs suite, and five outdoor ball courts.<\/p>\n<p>Speaking at the opening,&nbsp;CEO of BAM Ireland Theo Cullinane said:&nbsp;\u00ab\u00a0Skibbereen Community School is a fantastic state-of-the-art facility which will serve the local community long into the future. It allows for an additional 900 pupils to be educated in Co. Cork, all in a building that rivals any educational facility in the country. With better classrooms and equipment, this will enhance the learning experience for our youth while enabling teachers to provide the best possible education for students.\u00a0\u00bb<\/p>\n<\/div>\n","protected":false},"excerpt":{"rendered":"<p>Skibbereen, Co. Cork, 26 October 2018 \u2013 The new 900-pupil Skibbereen Community School in Co. Cork, built by leading contractors BAM, has been officially opened by an Irish Minister of &hellip; <a href=\"https:\/\/www.invesis.com\/fr\/minister-opens-skibbereen-school-as-part-of-e70-million-bam-ppp-project\/\">Continued<\/a><\/p>\n","protected":false},"author":2,"featured_media":1880,"comment_status":"open","ping_status":"open","sticky":false,"template":"","format":"standard","meta":{"_acf_changed":false,"footnotes":""},"categories":[99],"class_list":["post-1879","post","type-post","status-publish","format-standard","has-post-thumbnail","hentry","category-project-news","sectors-education","countries-ireland"],"acf":[],"yoast_head":"<!-- This site is optimized with the Yoast SEO plugin v27.3 - https:\/\/yoast.com\/product\/yoast-seo-wordpress\/ -->\n<title>Minister opens Skibbereen school as part of \u20ac70 million BAM PPP project | Invesis<\/title>\n<meta name=\"robots\" content=\"index, follow, max-snippet:-1, max-image-preview:large, max-video-preview:-1\" \/>\n<link rel=\"canonical\" href=\"https:\/\/www.invesis.com\/minister-opens-skibbereen-school-as-part-of-e70-million-bam-ppp-project\/\" \/>\n<meta property=\"og:locale\" content=\"fr_FR\" \/>\n<meta property=\"og:type\" content=\"article\" \/>\n<meta property=\"og:title\" content=\"Minister opens Skibbereen school as part of \u20ac70 million BAM PPP project | Invesis\" \/>\n<meta property=\"og:description\" content=\"Skibbereen, Co. Cork, 26 October 2018 \u2013 The new 900-pupil Skibbereen Community School in Co. Cork, built by leading contractors BAM, has been officially opened by an Irish Minister of &hellip; Continued\" \/>\n<meta property=\"og:url\" content=\"https:\/\/www.invesis.com\/minister-opens-skibbereen-school-as-part-of-e70-million-bam-ppp-project\/\" \/>\n<meta property=\"og:site_name\" content=\"Invesis\" \/>\n<meta property=\"article:published_time\" content=\"2018-10-26T00:00:00+00:00\" \/>\n<meta property=\"article:modified_time\" content=\"2022-03-07T09:59:22+00:00\" \/>\n<meta property=\"og:image\" content=\"https:\/\/www.invesis.com\/wp-content\/uploads\/2022\/02\/2018-11-07-skibbereen-02-606-1541604474769174623-761-1541667935538064869-2.jpg\" \/>\n\t<meta property=\"og:image:width\" content=\"760\" \/>\n\t<meta property=\"og:image:height\" content=\"506\" \/>\n\t<meta property=\"og:image:type\" content=\"image\/jpeg\" \/>\n<meta name=\"author\" content=\"InvesisAdmin\" \/>\n<meta name=\"twitter:card\" content=\"summary_large_image\" \/>\n<meta name=\"twitter:label1\" content=\"\u00c9crit par\" \/>\n\t<meta name=\"twitter:data1\" content=\"InvesisAdmin\" \/>\n\t<meta name=\"twitter:label2\" content=\"Dur\u00e9e de lecture estim\u00e9e\" \/>\n\t<meta name=\"twitter:data2\" content=\"1 minute\" \/>\n<script type=\"application\/ld+json\" class=\"yoast-schema-graph\">{\"@context\":\"https:\\\/\\\/schema.org\",\"@graph\":[{\"@type\":\"Article\",\"@id\":\"https:\\\/\\\/www.invesis.com\\\/minister-opens-skibbereen-school-as-part-of-e70-million-bam-ppp-project\\\/#article\",\"isPartOf\":{\"@id\":\"https:\\\/\\\/www.invesis.com\\\/minister-opens-skibbereen-school-as-part-of-e70-million-bam-ppp-project\\\/\"},\"author\":{\"name\":\"InvesisAdmin\",\"@id\":\"https:\\\/\\\/www.invesis.com\\\/#\\\/schema\\\/person\\\/298e4ecf5659338e37d0cf14eba2b77c\"},\"headline\":\"Minister opens Skibbereen school as part of \u20ac70 million BAM PPP project\",\"datePublished\":\"2018-10-26T00:00:00+00:00\",\"dateModified\":\"2022-03-07T09:59:22+00:00\",\"mainEntityOfPage\":{\"@id\":\"https:\\\/\\\/www.invesis.com\\\/minister-opens-skibbereen-school-as-part-of-e70-million-bam-ppp-project\\\/\"},\"wordCount\":168,\"commentCount\":0,\"image\":{\"@id\":\"https:\\\/\\\/www.invesis.com\\\/minister-opens-skibbereen-school-as-part-of-e70-million-bam-ppp-project\\\/#primaryimage\"},\"thumbnailUrl\":\"https:\\\/\\\/www.invesis.com\\\/wp-content\\\/uploads\\\/2022\\\/02\\\/2018-11-07-skibbereen-02-606-1541604474769174623-761-1541667935538064869-2.jpg\",\"articleSection\":[\"Project News\"],\"inLanguage\":\"fr-FR\"},{\"@type\":\"WebPage\",\"@id\":\"https:\\\/\\\/www.invesis.com\\\/minister-opens-skibbereen-school-as-part-of-e70-million-bam-ppp-project\\\/\",\"url\":\"https:\\\/\\\/www.invesis.com\\\/minister-opens-skibbereen-school-as-part-of-e70-million-bam-ppp-project\\\/\",\"name\":\"Minister opens Skibbereen school as part of \u20ac70 million BAM PPP project | Invesis\",\"isPartOf\":{\"@id\":\"https:\\\/\\\/www.invesis.com\\\/#website\"},\"primaryImageOfPage\":{\"@id\":\"https:\\\/\\\/www.invesis.com\\\/minister-opens-skibbereen-school-as-part-of-e70-million-bam-ppp-project\\\/#primaryimage\"},\"image\":{\"@id\":\"https:\\\/\\\/www.invesis.com\\\/minister-opens-skibbereen-school-as-part-of-e70-million-bam-ppp-project\\\/#primaryimage\"},\"thumbnailUrl\":\"https:\\\/\\\/www.invesis.com\\\/wp-content\\\/uploads\\\/2022\\\/02\\\/2018-11-07-skibbereen-02-606-1541604474769174623-761-1541667935538064869-2.jpg\",\"datePublished\":\"2018-10-26T00:00:00+00:00\",\"dateModified\":\"2022-03-07T09:59:22+00:00\",\"author\":{\"@id\":\"https:\\\/\\\/www.invesis.com\\\/#\\\/schema\\\/person\\\/298e4ecf5659338e37d0cf14eba2b77c\"},\"breadcrumb\":{\"@id\":\"https:\\\/\\\/www.invesis.com\\\/minister-opens-skibbereen-school-as-part-of-e70-million-bam-ppp-project\\\/#breadcrumb\"},\"inLanguage\":\"fr-FR\",\"potentialAction\":[{\"@type\":\"ReadAction\",\"target\":[\"https:\\\/\\\/www.invesis.com\\\/minister-opens-skibbereen-school-as-part-of-e70-million-bam-ppp-project\\\/\"]}]},{\"@type\":\"ImageObject\",\"inLanguage\":\"fr-FR\",\"@id\":\"https:\\\/\\\/www.invesis.com\\\/minister-opens-skibbereen-school-as-part-of-e70-million-bam-ppp-project\\\/#primaryimage\",\"url\":\"https:\\\/\\\/www.invesis.com\\\/wp-content\\\/uploads\\\/2022\\\/02\\\/2018-11-07-skibbereen-02-606-1541604474769174623-761-1541667935538064869-2.jpg\",\"contentUrl\":\"https:\\\/\\\/www.invesis.com\\\/wp-content\\\/uploads\\\/2022\\\/02\\\/2018-11-07-skibbereen-02-606-1541604474769174623-761-1541667935538064869-2.jpg\",\"width\":760,\"height\":506},{\"@type\":\"BreadcrumbList\",\"@id\":\"https:\\\/\\\/www.invesis.com\\\/minister-opens-skibbereen-school-as-part-of-e70-million-bam-ppp-project\\\/#breadcrumb\",\"itemListElement\":[{\"@type\":\"ListItem\",\"position\":1,\"name\":\"Home\",\"item\":\"https:\\\/\\\/www.invesis.com\\\/fr\\\/\"},{\"@type\":\"ListItem\",\"position\":2,\"name\":\"Minister opens Skibbereen school as part of \u20ac70 million BAM PPP project\"}]},{\"@type\":\"WebSite\",\"@id\":\"https:\\\/\\\/www.invesis.com\\\/#website\",\"url\":\"https:\\\/\\\/www.invesis.com\\\/\",\"name\":\"Invesis\",\"description\":\"\",\"potentialAction\":[{\"@type\":\"SearchAction\",\"target\":{\"@type\":\"EntryPoint\",\"urlTemplate\":\"https:\\\/\\\/www.invesis.com\\\/?s={search_term_string}\"},\"query-input\":{\"@type\":\"PropertyValueSpecification\",\"valueRequired\":true,\"valueName\":\"search_term_string\"}}],\"inLanguage\":\"fr-FR\"},{\"@type\":\"Person\",\"@id\":\"https:\\\/\\\/www.invesis.com\\\/#\\\/schema\\\/person\\\/298e4ecf5659338e37d0cf14eba2b77c\",\"name\":\"InvesisAdmin\",\"image\":{\"@type\":\"ImageObject\",\"inLanguage\":\"fr-FR\",\"@id\":\"https:\\\/\\\/secure.gravatar.com\\\/avatar\\\/75a839c3e3af891a1e7c767422088394ea6c89d649337228ad54cbd87dd5e922?s=96&d=mm&r=g\",\"url\":\"https:\\\/\\\/secure.gravatar.com\\\/avatar\\\/75a839c3e3af891a1e7c767422088394ea6c89d649337228ad54cbd87dd5e922?s=96&d=mm&r=g\",\"contentUrl\":\"https:\\\/\\\/secure.gravatar.com\\\/avatar\\\/75a839c3e3af891a1e7c767422088394ea6c89d649337228ad54cbd87dd5e922?s=96&d=mm&r=g\",\"caption\":\"InvesisAdmin\"},\"url\":\"https:\\\/\\\/www.invesis.com\\\/fr\\\/author\\\/invesisadmin\\\/\"}]}<\/script>\n<!-- \/ Yoast SEO plugin. -->","yoast_head_json":{"title":"Minister opens Skibbereen school as part of \u20ac70 million BAM PPP project | Invesis","robots":{"index":"index","follow":"follow","max-snippet":"max-snippet:-1","max-image-preview":"max-image-preview:large","max-video-preview":"max-video-preview:-1"},"canonical":"https:\/\/www.invesis.com\/minister-opens-skibbereen-school-as-part-of-e70-million-bam-ppp-project\/","og_locale":"fr_FR","og_type":"article","og_title":"Minister opens Skibbereen school as part of \u20ac70 million BAM PPP project | Invesis","og_description":"Skibbereen, Co. Cork, 26 October 2018 \u2013 The new 900-pupil Skibbereen Community School in Co. Cork, built by leading contractors BAM, has been officially opened by an Irish Minister of &hellip; Continued","og_url":"https:\/\/www.invesis.com\/minister-opens-skibbereen-school-as-part-of-e70-million-bam-ppp-project\/","og_site_name":"Invesis","article_published_time":"2018-10-26T00:00:00+00:00","article_modified_time":"2022-03-07T09:59:22+00:00","og_image":[{"width":760,"height":506,"url":"https:\/\/www.invesis.com\/wp-content\/uploads\/2022\/02\/2018-11-07-skibbereen-02-606-1541604474769174623-761-1541667935538064869-2.jpg","type":"image\/jpeg"}],"author":"InvesisAdmin","twitter_card":"summary_large_image","twitter_misc":{"\u00c9crit par":"InvesisAdmin","Dur\u00e9e de lecture estim\u00e9e":"1 minute"},"schema":{"@context":"https:\/\/schema.org","@graph":[{"@type":"Article","@id":"https:\/\/www.invesis.com\/minister-opens-skibbereen-school-as-part-of-e70-million-bam-ppp-project\/#article","isPartOf":{"@id":"https:\/\/www.invesis.com\/minister-opens-skibbereen-school-as-part-of-e70-million-bam-ppp-project\/"},"author":{"name":"InvesisAdmin","@id":"https:\/\/www.invesis.com\/#\/schema\/person\/298e4ecf5659338e37d0cf14eba2b77c"},"headline":"Minister opens Skibbereen school as part of \u20ac70 million BAM PPP project","datePublished":"2018-10-26T00:00:00+00:00","dateModified":"2022-03-07T09:59:22+00:00","mainEntityOfPage":{"@id":"https:\/\/www.invesis.com\/minister-opens-skibbereen-school-as-part-of-e70-million-bam-ppp-project\/"},"wordCount":168,"commentCount":0,"image":{"@id":"https:\/\/www.invesis.com\/minister-opens-skibbereen-school-as-part-of-e70-million-bam-ppp-project\/#primaryimage"},"thumbnailUrl":"https:\/\/www.invesis.com\/wp-content\/uploads\/2022\/02\/2018-11-07-skibbereen-02-606-1541604474769174623-761-1541667935538064869-2.jpg","articleSection":["Project News"],"inLanguage":"fr-FR"},{"@type":"WebPage","@id":"https:\/\/www.invesis.com\/minister-opens-skibbereen-school-as-part-of-e70-million-bam-ppp-project\/","url":"https:\/\/www.invesis.com\/minister-opens-skibbereen-school-as-part-of-e70-million-bam-ppp-project\/","name":"Minister opens Skibbereen school as part of \u20ac70 million BAM PPP project | Invesis","isPartOf":{"@id":"https:\/\/www.invesis.com\/#website"},"primaryImageOfPage":{"@id":"https:\/\/www.invesis.com\/minister-opens-skibbereen-school-as-part-of-e70-million-bam-ppp-project\/#primaryimage"},"image":{"@id":"https:\/\/www.invesis.com\/minister-opens-skibbereen-school-as-part-of-e70-million-bam-ppp-project\/#primaryimage"},"thumbnailUrl":"https:\/\/www.invesis.com\/wp-content\/uploads\/2022\/02\/2018-11-07-skibbereen-02-606-1541604474769174623-761-1541667935538064869-2.jpg","datePublished":"2018-10-26T00:00:00+00:00","dateModified":"2022-03-07T09:59:22+00:00","author":{"@id":"https:\/\/www.invesis.com\/#\/schema\/person\/298e4ecf5659338e37d0cf14eba2b77c"},"breadcrumb":{"@id":"https:\/\/www.invesis.com\/minister-opens-skibbereen-school-as-part-of-e70-million-bam-ppp-project\/#breadcrumb"},"inLanguage":"fr-FR","potentialAction":[{"@type":"ReadAction","target":["https:\/\/www.invesis.com\/minister-opens-skibbereen-school-as-part-of-e70-million-bam-ppp-project\/"]}]},{"@type":"ImageObject","inLanguage":"fr-FR","@id":"https:\/\/www.invesis.com\/minister-opens-skibbereen-school-as-part-of-e70-million-bam-ppp-project\/#primaryimage","url":"https:\/\/www.invesis.com\/wp-content\/uploads\/2022\/02\/2018-11-07-skibbereen-02-606-1541604474769174623-761-1541667935538064869-2.jpg","contentUrl":"https:\/\/www.invesis.com\/wp-content\/uploads\/2022\/02\/2018-11-07-skibbereen-02-606-1541604474769174623-761-1541667935538064869-2.jpg","width":760,"height":506},{"@type":"BreadcrumbList","@id":"https:\/\/www.invesis.com\/minister-opens-skibbereen-school-as-part-of-e70-million-bam-ppp-project\/#breadcrumb","itemListElement":[{"@type":"ListItem","position":1,"name":"Home","item":"https:\/\/www.invesis.com\/fr\/"},{"@type":"ListItem","position":2,"name":"Minister opens Skibbereen school as part of \u20ac70 million BAM PPP project"}]},{"@type":"WebSite","@id":"https:\/\/www.invesis.com\/#website","url":"https:\/\/www.invesis.com\/","name":"Invesis","description":"","potentialAction":[{"@type":"SearchAction","target":{"@type":"EntryPoint","urlTemplate":"https:\/\/www.invesis.com\/?s={search_term_string}"},"query-input":{"@type":"PropertyValueSpecification","valueRequired":true,"valueName":"search_term_string"}}],"inLanguage":"fr-FR"},{"@type":"Person","@id":"https:\/\/www.invesis.com\/#\/schema\/person\/298e4ecf5659338e37d0cf14eba2b77c","name":"InvesisAdmin","image":{"@type":"ImageObject","inLanguage":"fr-FR","@id":"https:\/\/secure.gravatar.com\/avatar\/75a839c3e3af891a1e7c767422088394ea6c89d649337228ad54cbd87dd5e922?s=96&d=mm&r=g","url":"https:\/\/secure.gravatar.com\/avatar\/75a839c3e3af891a1e7c767422088394ea6c89d649337228ad54cbd87dd5e922?s=96&d=mm&r=g","contentUrl":"https:\/\/secure.gravatar.com\/avatar\/75a839c3e3af891a1e7c767422088394ea6c89d649337228ad54cbd87dd5e922?s=96&d=mm&r=g","caption":"InvesisAdmin"},"url":"https:\/\/www.invesis.com\/fr\/author\/invesisadmin\/"}]}},"_links":{"self":[{"href":"https:\/\/www.invesis.com\/fr\/wp-json\/wp\/v2\/posts\/1879","targetHints":{"allow":["GET"]}}],"collection":[{"href":"https:\/\/www.invesis.com\/fr\/wp-json\/wp\/v2\/posts"}],"about":[{"href":"https:\/\/www.invesis.com\/fr\/wp-json\/wp\/v2\/types\/post"}],"author":[{"embeddable":true,"href":"https:\/\/www.invesis.com\/fr\/wp-json\/wp\/v2\/users\/2"}],"replies":[{"embeddable":true,"href":"https:\/\/www.invesis.com\/fr\/wp-json\/wp\/v2\/comments?post=1879"}],"version-history":[{"count":0,"href":"https:\/\/www.invesis.com\/fr\/wp-json\/wp\/v2\/posts\/1879\/revisions"}],"wp:featuredmedia":[{"embeddable":true,"href":"https:\/\/www.invesis.com\/fr\/wp-json\/wp\/v2\/media\/1880"}],"wp:attachment":[{"href":"https:\/\/www.invesis.com\/fr\/wp-json\/wp\/v2\/media?parent=1879"}],"wp:term":[{"taxonomy":"category","embeddable":true,"href":"https:\/\/www.invesis.com\/fr\/wp-json\/wp\/v2\/categories?post=1879"}],"curies":[{"name":"wp","href":"https:\/\/api.w.org\/{rel}","templated":true}]}}